{"id":2223,"date":"2021-06-28T00:00:00","date_gmt":"2021-06-27T22:00:00","guid":{"rendered":"https:\/\/floxik.de\/magazin\/2021\/06\/28\/der-sarplaninac\/"},"modified":"2024-05-31T09:54:37","modified_gmt":"2024-05-31T07:54:37","slug":"der-sarplaninac","status":"publish","type":"post","link":"https:\/\/floxik.de\/magazin\/hunderassen\/der-sarplaninac\/","title":{"rendered":"Der \u0160arplaninac"},"content":{"rendered":"\n<p>Sie haben ein Faible f\u00fcr gro\u00dfe, ausgefallene Arbeitshunde? Dann interessieren Sie sich sicherlich auch f\u00fcr den \u0160arplaninac. Irgendwie sieht er aus wie ein zotteliger Wolf mit lieben Augen. Leider hat er in unseren Breitengraden den Ruf des gef\u00e4hrlichen Hundes. Ja, er geh\u00f6rt zu den Jahrhunderte alten Hunderasse, die recht eigenst\u00e4ndig ihre Herde bewachen durften. Aber genau diese Eigenst\u00e4ndigkeit ist es, die viele so fasziniert. <\/p>\n\n\n\n<p class=\"has-background\" style=\"background-color:#fefad8\"><strong>Ein kleiner Tipp:<\/strong> Informieren Sie sich, bevor Sie Ihr Herz vollkommen an diese Hunderasse verlieren. Sie sind besonders und trotzdem anh\u00e4nglich und loyal. Ein Hund, wie kein anderer!<\/p>\n\n\n\n<h2 class=\"wp-block-heading\">Charakter des \u0160arplaninac<\/h2>\n\n\n\n<p>Wer bei dem Wort H\u00fctehund denkt, dass dieser Hund sehr dominant und vielleicht sogar aggressiv w\u00e4re, der irrt. Seine soziale Gruppe, seine Herde, also in der heutigen Zeit seine Familie ist ihm extrem wichtig und er ist ihr treu ergeben.<\/p>\n\n\n\n<p>Mut und angeborene Dominanz sind ihm auch heute noch zu Eigen. Es liegt in seiner Natur, wachsam und selbstsicher zu sein. So stellt er sich auf jeden Fall sch\u00fctzend, aber nur drohend, zwischen eine vermeintliche Gefahr und seine Familie, seine Herde.<\/p>\n\n\n\n<p>Er ist es von jeher gewohnt, seine eigenen Entscheidungen zu treffen. Eine besondere Eigenschaft von ihm ist seine Eigenwilligkeit.<\/p>\n\n\n\n<h2 class=\"wp-block-heading\">Der geschichtliche Hintergrund des \u0160arplaninac<\/h2>\n\n\n\n<p>Eigentlich ist diese Hunderasse bereits recht alt, denn sie wurde seit Jahrhunderten in einer Gebirgsregion im ehemaligen Jugoslawien, dem Bergzug Sar Planina, nicht nur gez\u00fcchtet, sondern erfolgreich zum Bewachen der Schafherden eingesetzt. Allerdings gehen die Aufzeichnungen nur bis zum Beginn des 19. Jahrhunderts zur\u00fcck. Seitdem konnte ihre Zucht, obwohl sie noch keinem Standard entsprach, konkret verfolgt werden. Dennoch dauerte es bis 1956, bis der \u0160arplaninac vom FCI als eigenst\u00e4ndige Rasse anerkannt wurde. Zuvor wurde er h\u00e4ufiger mit anderen H\u00fctehunden der Region in einen Topf geschmissen.<\/p>\n\n\n\n<p>Es ist diesem Hund nicht anzumerken, aber seine F\u00e4higkeiten als \u201ebesch\u00fctzender Koloss\u201c bei den Herden hat es ihm erm\u00f6glicht, auch bei der Polizei, dem Milit\u00e4r und Schutzorganisationen eben genau diese Rolle wieder einnehmen zu k\u00f6nnen. Es bedarf einiger Hundeerfahrung und noch mehr der gekonnten Hundef\u00fchrung, um diesen eigensinnigen, arbeitsw\u00fctigen Hund diesbez\u00fcglich abzurichten. Und doch kann es gelingen.<\/p>\n\n\n\n<p>Gerne wird er auch anderenorts als <a href=\"https:\/\/floxik.de\/magazin\/hunderassen\/wachhund\/\"  >Wachhund<\/a> und immer wieder auch als Familienhund gehalten. Wer mit ihm als Familienhund lieb\u00e4ugelt, sollte den Artikel bis zu Ende lesen, um ganz genau auf ihn vorbereitet zu sein.<\/p>\n\n\n\n<h2 class=\"wp-block-heading\">Die Farben des \u0160arplaninac<\/h2>\n\n\n\n<p>Der \u0160arplaninac verf\u00fcgt \u00fcber ein sehr \u00fcppiges, dichtes Fell. Ebenso ist ihm ein sehr dichtes Unterfell zu Eigen. Die Farben Grau, Wei\u00df, Schwarz sowie Braunt\u00f6ne kommen vor, einzeln, aber auch gemischt.<\/p>\n\n\n\n<p>Aufgrund des dichten Fells, das es ihm erm\u00f6glicht, auch bei der schlimmsten Witterung im Freien zu sein, ben\u00f6tigt er regelm\u00e4\u00dfige Pflege. F\u00fcr die Unterwolle sollte ein grober Kamm verwendet werden. Auch eine Spezialb\u00fcrste, die bei sehr langem und sehr dichtem Fell eingesetzt wird, wird bei ihm gute Erfolge in der Fellpflege erbringen. <\/p>\n\n\n\n<p>Das Fell ist wasserabweisend, sodass die Unterwolle und die Haut \u00fcberwiegend trocken bleiben, auch wenn der Hund sich f\u00fcr einen l\u00e4ngeren Zeitraum im Regen befindet. Dies ist auch der Grund, weshalb man diesen Hund nur im absoluten Notfall baden sollte. Auf <a href=\"https:\/\/floxik.de\/magazin\/zubehoer\/hundeshampoo\/\"  >Hundeshampoo<\/a> sollte ebenfalls so weit wie m\u00f6glich verzichtet werden. Der Grund ist einfach zu benennen: Ein Bad und vor allem das Shampoo wurde den nat\u00fcrlichen Hautschutz zerst\u00f6ren.<\/p>\n\n\n\n<p>Aufgrund des Fells und seiner Neigung, die Tage im Freien zu verbringen, sollten Ohren, Z\u00e4hne und Krallen regelm\u00e4\u00dfig kontrolliert werden. Allerdings nutzen sich die Krallen f\u00fcr gew\u00f6hnlich von alleine ab. Aber Kontrolle ist wie \u00fcblich besser.<\/p>\n\n\n\n<h2 class=\"wp-block-heading\">Welche Anspr\u00fcche stellt der \u0160arplaninac?<\/h2>\n\n\n\n<p>Dieser Hund besitzt eine Intelligenz, die er nicht offen zu Schau stellt. Da er es gewohnt war, eigenst\u00e4ndig zum Wohl der Herde zu entscheiden, ist es ihm auch heute noch ein Bed\u00fcrfnis, seine Herde, sein Revier zu kontrollieren und zu bewachen. Dabei ist er mehr dominant als aggressiv. Wer ihn also als Welpen bereits gut sozialisieren kann, wird auch mit den Lektionen in puncto \u201eWach- und Schutzhund\u201c bei seinem Hund gut zurechtkommen.<\/p>\n\n\n\n<p>Als ehemaliger H\u00fcte- und Wachhund ist der Bewegungsdrang recht gro\u00df, sodass man sich auf viel Zeit mit dem Hund im Freien einstellen muss. Er braucht lange Spazierg\u00e4nge und viele Aufgaben, die seinen Intellekt, seine Eigenst\u00e4ndigkeit fordern und f\u00f6rdern. Wer sich dies nicht alleine zutraut, sollte einen entsprechenden Hundetrainer zur Seite haben, der einem diesbez\u00fcglich auf die Spr\u00fcnge helfen kann. Sollte dies nicht m\u00f6glich sein, ist man nicht der richtige Mensch f\u00fcr diesen tollen Hund.<\/p>\n\n\n\n<h2 class=\"wp-block-heading\">Der \u0160arplaninac und seine Gesundheit<\/h2>\n\n\n\n<p>Grunds\u00e4tzlich hat man es hier mit einem recht robusten Vertreter zu tun. Er ist es gewohnt, viel Zeit im Freien zu verbringen. K\u00e4lte ist f\u00fcr ihn kein Problem. Im Sommer sollte allerdings ein k\u00fchler, schattiger Platz f\u00fcr ihn vorhanden sein, damit er der W\u00e4rme ausweichen kann, mit der er sich nicht so gut anfreunden mag. <\/p>\n\n\n\n<p>Vor sportlichen H\u00f6chstleistungen muss man ihn in Schutz nehmen. Es ist seine Gr\u00f6\u00dfe, die ihm sportliche Unternehmungen wie <a href=\"https:\/\/floxik.de\/magazin\/erziehung\/agility-hundesport-mit-spassfaktor\/\">Agility<\/a> verwehren. Allerdings ben\u00f6tigt er dennoch lange, aber ruhige Spazierg\u00e4nge, um seinem Bewegungsdrang Herr zu werden. Bekommt er nicht ausreichend ruhige Bewegung, neigt er zum Dickwerden.<\/p>\n\n\n\n<p class=\"has-background\" style=\"background-color:#fefad8\">Achtung \u2013 diese Hunde neigen zur <a href=\"https:\/\/floxik.de\/magazin\/gesundheit\/hueftdysplasie-bei-hunden\/\"  >H\u00fcftgelenksdysplasie<\/a>.<\/p>\n\n\n\n<h2 class=\"wp-block-heading\">Vor- und Nachteile des \u0160arplaninac<\/h2>\n\n\n\n<p>Der \u0160arplaninac ist sehr eigenst\u00e4ndig und eigenwillig. Gleichzeitig ist er arbeitswillig bis arbeitsw\u00fctig. Wie alle H\u00fctehunde besitzt er einen unb\u00e4ndigen Drang, Wesen zu h\u00fcten. Fr\u00fcher waren es Tiere. Heute sind es haupts\u00e4chlich die Mitglieder seiner Familie. Nur selten kann es ihm noch erm\u00f6glicht werden, unter optimalen Bedingungen eine Herde zu h\u00fcten. Die Bedingungen w\u00e4ren ungef\u00e4hr 200 Schafe in einer kargen, weitl\u00e4ufigen Gebirgslandschaft, f\u00fcr die er eigenst\u00e4ndig verantwortlich w\u00e4re. Und genau darin liegt sein Problem. <\/p>\n\n\n\n<p>Der Arbeitseifer sowie die starke Neigung zum H\u00fcten und der Bewegungsdrang m\u00fcssen aufgrund der Eigensinnigkeit und der Eigenst\u00e4ndigkeit in solide Bahnen gelenkt werden. Da dieser Hund sich zwar gerne bewegt, langes Joggen oder Spielen aber nicht so seines sind, sollte man ruhige, aber lange Spazierg\u00e4nge anbieten, um diesem Drang nachzukommen. <\/p>\n\n\n\n<p>Zudem ist es wichtig, einen Weg zu finden, um seiner Eigenst\u00e4ndigkeit gerecht zu werden. Nutzen Sie diesbez\u00fcglich Hundesport-Disziplinen, die die Intelligenz ben\u00f6tigen, die k\u00f6rperlichen Anforderungen aber seinem Naturell angemessen sind.<\/p>\n\n\n\n<p>So eigensinnig dieser Hund auch sein mag, so anpassungsf\u00e4hig ist er auch. Er hat keine Schwierigkeiten mit Kindern und kann sich sogar auf den ruhigeren Lebensstil von Senioren einlassen. Da er keine Sportskanone ist, kann ein gut sozialisierter und erzogener \u0160arplaninac ein wunderbarer Begleiter f\u00fcr r\u00fcstige Senioren sein.<\/p>\n\n\n\n<p>Je besser Sie den Anspr\u00fcchen des Hundes gerecht werden k\u00f6nnen, desto h\u00f6her ist seine Reizschwelle. Je h\u00f6her die Reizschwelle ist, desto einfacher ist es, auch mit diesem Hund an seiner Seite ein normales Familien- und Sozialleben aufrecht erhalten zu k\u00f6nnen.<\/p>\n\n\n\n<p>K\u00f6nnen Sie ihm die ausreichende Bewegung, die intellektuelle Ansprache nicht bieten, lassen Sie bitte die Finger von dem \u0160arplaninac. Dies w\u00fcrde n\u00e4mlich seine Reizschwelle derart absenken, dass er bei jeder Kleinigkeit in die Luft gehen k\u00f6nnte.<\/p>\n\n\n\n<p class=\"has-background\" style=\"background-color:#fefad8\">Korrekt \u2013 es ist die falsche Haltung des Hundes, die ihm den Eintrag auf der Liste der gef\u00e4hrlichen Hunderassen eingebracht hat. Dabei ist es nicht sein Fehler, wenn er falsch gehalten wird. Es ist der Fehler des Menschen.<\/p>\n\n\n\n<h2 class=\"wp-block-heading\">Der perfekte Mensch f\u00fcr einen \u0160arplaninac<\/h2>\n\n\n\n<p>Der perfekte Mensch f\u00fcr diesen Hund besitzt eine gro\u00dfe Schafherde, die geh\u00fctet werden muss. Er besitzt auch einiges an Land, das der Hund bewachen kann \u2013 gut eingez\u00e4unt versteht sich.<\/p>\n\n\n\n<p>Es ist richtig, dass nur noch wenige Hundebesitzer dies ableisten k\u00f6nnen. Somit beschr\u00e4nken wir uns zun\u00e4chst auf einen gro\u00dfen Garten, der gut eingez\u00e4unt ist, dem Hund aber frei zur Verf\u00fcgung steht. Lange Spazierg\u00e4nge und intellektuelle Ansprache, die in verschiedenen Hundesportarten wie Obebience, Mantrailing, zu finden ist, <strong>m\u00fcssen<\/strong> zu seinem Alltag dazugeh\u00f6ren. <\/p>\n\n\n\n<p>In vielen Regionen gibt es Vereine der H\u00fctehunde, in denen diese regelm\u00e4\u00dfig echte Schafe h\u00fcten und entsprechende Aufgaben erledigen m\u00fcssen. In diesen wird er sich sehr wohlf\u00fchlen, da genau dies die Aufgaben sind, f\u00fcr die er urspr\u00fcnglich gez\u00fcchtet wurde.<\/p>\n\n\n\n<p>So arbeitsw\u00fctig er auch ist, so sehr m\u00f6chte er die Aufmerksamkeit seines Besitzers. Seine Ersatzherde, die Familie, ist ihm heilig. Allerdings ist er kein Hund, mit dem man St\u00f6ckchen spielt oder der stundenlang gekuschelt werden m\u00f6chte. Er kommt, wenn er mehr Aufmerksamkeit m\u00f6chte, schon von alleine. Ansonsten lassen Sie ihn ruhig im Garten allein oder mit der Option, jederzeit durch eine <a href=\"https:\/\/floxik.de\/magazin\/zubehoer\/hundeklappe\/\"  >Hundeklappe<\/a> (eine sehr gro\u00dfe Hundeklappe!) wieder ins Haus zu k\u00f6nnen. Er wird ihnen daf\u00fcr dankbar sein, viel Zeit im Freien verbringen zu d\u00fcrfen.<\/p>\n\n\n\n<h2 class=\"wp-block-heading\">Die Welpen des \u0160arplaninac kaufen<\/h2>\n\n\n\n<p>Nicht viele seri\u00f6se Z\u00fcchter sind im Internet zu finden. Vielmehr sollte man \u00fcber die verschiedenen Foren \u00fcber Hirten- und H\u00fctehunde, auch auf Facebook, die F\u00fchler nach guten Z\u00fcchtern ausstrecken. In diesen Foren kann man Fragen zu Hund, Haltung und Z\u00fcchtern stellen und so die Zuchtlinie seiner Vorstellung finden. Lassen Sie sich von dem Z\u00fcchter eingehend \u00fcber die Eigenarten seiner Hunde aufkl\u00e4ren, damit Sie genau wissen, was auf Sie zukommt. <\/p>\n\n\n\n<p>Denken Sie immer daran, dass es weder ein Scho\u00dfhund noch ein \u201enormaler\u201c Familienhund wie ein <a href=\"https:\/\/floxik.de\/magazin\/hunderassen\/der-golden-retriever\/\"  >Retriever<\/a> oder Berner Sennenhund w\u00e4re. Bevor man sich f\u00fcr einen Welpen dieser Hunderasse entscheidet, sollte man den Z\u00fcchter mehrfach treffen und nat\u00fcrlich auch die Welpen bereits kennengelernt haben. <\/p>\n\n\n\n<p>Bedenken Sie stets: Es ist der Z\u00fcchter, der es Ihnen gestattet, einen seiner Hunde zu \u00fcbernehmen. Sollte der Z\u00fcchter Zweifel haben, wird er Sie leer ausgehen lassen. Nicht, weil Sie ein schlechter Hundebesitzer w\u00e4ren. Aber manchmal trauen wir uns mehr zu, als wir letztlich leisten k\u00f6nnen. Hundez\u00fcchter haben ein N\u00e4schen daf\u00fcr, ob man ihrem Welpen gerecht werden kann oder nicht.<\/p>\n\n\n\n<div class=\"wp-block-image\"><figure class=\"aligncenter size-large\"><img decoding=\"async\" src=\"https:\/\/floxik.de\/magazin\/wp-content\/uploads\/2024\/05\/der-sarplaninac-welpe.jpg\" loading=\"lazy\" alt=\"\" class=\"wp-image-10879\"\/><figcaption>\u0160arplaninac-Welpe | Foto: DjordjeNovakov \/ Depositphotos.com<\/figcaption><\/figure><\/div>\n\n\n\n<h2 class=\"wp-block-heading\">Erste Ausstattung f\u00fcr den \u0160arplaninac<\/h2>\n\n\n\n<ul class=\"wp-block-list\"><li><a href=\"https:\/\/floxik.de\/magazin\/zubehoer\/hundehalsband\/\"  >Hundehalsband<\/a><\/li><li><a href=\"https:\/\/floxik.de\/magazin\/zubehoer\/hundegeschirr\/\"  >Hundegeschirr<\/a><\/li><li><a href=\"https:\/\/floxik.de\/magazin\/ratgeber\/welche-hundeleine-passt-zu-welchem-zweck\/\"  >Hundeleine<\/a>, zus\u00e4tzlich eventuelle eine <a href=\"https:\/\/floxik.de\/magazin\/zubehoer\/schleppleine\/\"  >Schleppleine<\/a><\/li><li>Wasser- und Futternapf, m\u00f6glichst leicht zu reinigen<\/li><li><a href=\"https:\/\/floxik.de\/magazin\/zubehoer\/hundebett\/\"  >Hundebett<\/a> \/ Decke f\u00fcr den Liegeplatz<\/li><li>Langhaarb\u00fcrste<\/li><li>Unterwolle-B\u00fcrste<\/li><li><a href=\"https:\/\/floxik.de\/magazin\/zubehoer\/hundekamm\/\"  >Kamm<\/a> \/ L\u00e4usekamm<\/li><li>eventuell Schermaschine (Diese sollte aber nur zum Einsatz kommen, wenn man sie auch wirklich beherrscht.)<\/li><li>Hundefutter<\/li><li>eventuell Spielzeug<\/li><li>eventuell Leckerlis<\/li><\/ul>\n\n\n\n<h2 class=\"wp-block-heading\">Hundefutter f\u00fcr den \u0160arplaninac<\/h2>\n\n\n\n<p>Dieser Hund musste in fr\u00fcherer Zeit alleine mit der Herde im eher kargen Gebirge auskommen. Das bedeutete, dass er sich in Bezug auf sein Futter mit dem begn\u00fcgen musste, was er finden konnte, wenn er nicht von den kargen Vorr\u00e4ten des Besitzers etwas abbekommen hat. Er ist also mit extrem wenig Nahrung ausgekommen.<\/p>\n\n\n\n<p>Noch heute sollte man in Bezug auf die Ern\u00e4hrung sehr diszipliniert sein, da dieser Hund von zu viel Futter schnell Fett ansetzen wird. Futter plus Leckerein sollte 1kg nicht \u00fcbersteigen. Darauf sollten Sie stets achten, um den Hund fit zu halten.<\/p>\n\n\n\n<h2 class=\"wp-block-heading\">Fazit<\/h2>\n\n\n\n<p>Der \u0160arplaninac hat besondere Bed\u00fcrfnisse, die erf\u00fcllt werden m\u00fcssen. Ein wenig Hundeverstand ist notwendig, um diesen Hund nicht nur in die Familie zu integrieren, sondern ihn auch ad\u00e4quat f\u00fchren zu k\u00f6nnen. Er hat viele Talente, die er nach Aufforderung, aber auch ungebeten an den Tag bringen kann. <\/p>\n\n\n\n<p>Alles in allem hat man in diesem Hund einen wunderbaren, ruhigen Gef\u00e4hrten gefunden, der es lieber ein wenig ruhiger angehen mag. Wer diesen Hund als loyalen Partner wei\u00df, wird jedem zeigen k\u00f6nnen, dass dieser Hund auf gar keinen Fall auf die <a href=\"https:\/\/floxik.de\/magazin\/hunderassen\/listenhunde\/\"  >Liste der gef\u00e4hrlichen Hunde<\/a> geh\u00f6rt.<\/p>\n\n\n\n<h2 class=\"wp-block-heading\">FAQ<\/h2>\n\n\n\t\t<section\t\tclass=\"sc_fs_faq sc_card    \"\n\t\t\t\t>\n\t\t\t\t<h3>\ud83d\udc36 Wie gro\u00df wird der \u0160arplaninac?<\/h3>\t\t\t\t<div>\n\t\t\t\t\t\t<div class=\"sc_fs_faq__content\">\n\t\t\t\t\n\n<p>Dieser Hund weist eine Widerristh\u00f6he von 60 \u2013 62cm auf.<\/p>\n\n\t\t\t<\/div>\n\t\t<\/div>\n\t\t<\/section>\n\t\t\t\t<section\t\tclass=\"sc_fs_faq sc_card    \"\n\t\t\t\t>\n\t\t\t\t<h3>\ud83d\udc36 Braucht dieser Hund viel Futter?<\/h3>\t\t\t\t<div>\n\t\t\t\t\t\t<div class=\"sc_fs_faq__content\">\n\t\t\t\t\n\n<p>Nein, der \u0160arplaninac kommt mit maximal 1kg Futter und Leckerchen am Tag problemlos aus. Zu viel Futter l\u00e4sst ihn schnell dick werden.<\/p>\n\n\t\t\t<\/div>\n\t\t<\/div>\n\t\t<\/section>\n\t\t\t\t<section\t\tclass=\"sc_fs_faq sc_card    \"\n\t\t\t\t>\n\t\t\t\t<h3>\ud83d\udc36 Ist dieser Hund mit anderen Hunden zusammen zu halten?<\/h3>\t\t\t\t<div>\n\t\t\t\t\t\t<div class=\"sc_fs_faq__content\">\n\t\t\t\t\n\n<p>Ist der Hund von klein auf gut sozialisiert und an andere Hunde und Kleintiere gew\u00f6hnt, sollte es keinerlei Schwierigkeiten geben. Allerdings ben\u00f6tigt er auch seine Zeit, um sich zur\u00fcckziehen zu k\u00f6nnen. Diese sollte man ihm stets zugestehen.<\/p>\n\n\t\t\t<\/div>\n\t\t<\/div>\n\t\t<\/section>\n\t\t\t\t<section\t\tclass=\"sc_fs_faq sc_card    \"\n\t\t\t\t>\n\t\t\t\t<h3>\ud83d\udc36 Gibt es gesundheitliche Probleme bei dieser Rasse?<\/h3>\t\t\t\t<div>\n\t\t\t\t\t\t<div class=\"sc_fs_faq__content\">\n\t\t\t\t\n\n<p>Grunds\u00e4tzlich ist dies eine robuste Hunderasse, die es auch bei K\u00e4lte gew\u00f6hnt ist, sich im Freien auszuhalten. Vor der sommerlichen Hitze sollte er gesch\u00fctzt werden. Einzig besteht eine Tendenz zur H\u00fcftgelenksdysplasie, die bereits in der Zucht aufgedeckt wird. Tiere mit HD werden nicht zur Zucht zugelassen.<\/p>\n\n\t\t\t<\/div>\n\t\t<\/div>\n\t\t<\/section>\n\t\t\t\t<section\t\tclass=\"sc_fs_faq sc_card    \"\n\t\t\t\t>\n\t\t\t\t<h3>\ud83d\udc36 Muss ich meinen Garten f\u00fcr diesen Hund hoch einz\u00e4unen?<\/h3>\t\t\t\t<div>\n\t\t\t\t\t\t<div class=\"sc_fs_faq__content\">\n\t\t\t\t\n\n<p>Der Garten muss auf jeden Fall eingez\u00e4unt werden, da der \u0160arplaninac recht territorial ist. Aus Sicherheitsgr\u00fcnden sollte dieser Zaun sehr stabil und h\u00f6her sein als bei anderen Hunden. Ob dies allerdings tats\u00e4chlich notwendig ist oder lediglich zur Beruhigung der Nachbarn gemacht wird, ist vom Hund und seiner Grunderziehung abh\u00e4ngig. Und nat\u00fcrlich von den Nachbarn. Denn nicht jeder mag gro\u00dfe Hunde.<\/p>\n\n\t\t\t<\/div>\n\t\t<\/div>\n\t\t<\/section>\n\t\t\t\t<section\t\tclass=\"sc_fs_faq sc_card    \"\n\t\t\t\t>\n\t\t\t\t<h3>\ud83d\udc36 Wie viel kostet ein \u0160arplaninac?<\/h3>\t\t\t\t<div>\n\t\t\t\t\t\t<div class=\"sc_fs_faq__content\">\n\t\t\t\t\n\n<p>Die Anschaffungskosten f\u00fcr diese Hunderasse beginnen bei EURO 800.<\/p>\n\n\t\t\t<\/div>\n\t\t<\/div>\n\t\t<\/section>\n\t\t\t\t<section\t\tclass=\"sc_fs_faq sc_card    \"\n\t\t\t\t>\n\t\t\t\t<h3>\ud83d\udc36 Woher kommt der \u0160arplaninac?<\/h3>\t\t\t\t<div>\n\t\t\t\t\t\t<div class=\"sc_fs_faq__content\">\n\t\t\t\t\n\n<p>Die urspr\u00fcngliche Heimat des \u0160arplaninac ist in Serbien und Nordmazedonien zu suchen.<\/p>\n\n\t\t\t<\/div>\n\t\t<\/div>\n\t\t<\/section>\n\t\t\t\t<section\t\tclass=\"sc_fs_faq sc_card    \"\n\t\t\t\t>\n\t\t\t\t<h3>\ud83d\udc36 Wie alt wird der \u0160arplaninac?<\/h3>\t\t\t\t<div>\n\t\t\t\t\t\t<div class=\"sc_fs_faq__content\">\n\t\t\t\t\n\n<p>Die Lebenserwartung ist zwischen 10 und 12 Jahren angelegt.<\/p>\n\n\t\t\t<\/div>\n\t\t<\/div>\n\t\t<\/section>\n\t\t\t\t<section\t\tclass=\"sc_fs_faq sc_card    \"\n\t\t\t\t>\n\t\t\t\t<h3>\ud83d\udc36 Wie gro\u00df und schwer wird der \u0160arplaninac?<\/h3>\t\t\t\t<div>\n\t\t\t\t\t\t<div class=\"sc_fs_faq__content\">\n\t\t\t\t\n\n<p>Die R\u00fcden dieser Hunderasse erreichen eine Gr\u00f6\u00dfe von 58 bis 62 Zentimeter. Die H\u00fcndinnen sind nur geringf\u00fcgig kleiner.<\/p>\n\n\n\n<p>In Bezug auf das Gewicht liegen die R\u00fcden zwischen 35 und 45 Kilogramm. Die H\u00fcndinnen erreichen ein Gewicht von 30 bis 40 Kilogramm.<\/p>\n\n\t\t\t<\/div>\n\t\t<\/div>\n\t\t<\/section>\n\t\t\t\t<section\t\tclass=\"sc_fs_faq sc_card    \"\n\t\t\t\t>\n\t\t\t\t<h3>\ud83d\udc36 Wie viele Welpen bekommt der \u0160arplaninac?<\/h3>\t\t\t\t<div>\n\t\t\t\t\t\t<div class=\"sc_fs_faq__content\">\n\t\t\t\t\n\n<p>Es ist mit einem durchschnittlichen Wurf zwischen 4 und 6 Welpen zu rechnen.<\/p>\n\n\t\t\t<\/div>\n\t\t<\/div>\n\t\t<\/section>\n\t\t\t\t<section\t\tclass=\"sc_fs_faq sc_card    \"\n\t\t\t\t>\n\t\t\t\t<h3>\ud83d\udc36 Ist der \u0160arplaninac ein Jagdhund?<\/h3>\t\t\t\t<div>\n\t\t\t\t\t\t<div class=\"sc_fs_faq__content\">\n\t\t\t\t\n\n<p>Nein, der \u0160arplaninac ist kein Jagdhund.<\/p>\n\n\t\t\t<\/div>\n\t\t<\/div>\n\t\t<\/section>\n\t\t\t\t<section\t\tclass=\"sc_fs_faq sc_card    \"\n\t\t\t\t>\n\t\t\t\t<h3>\ud83d\udc36 Ist der \u0160arplaninac ein Familienhund?<\/h3>\t\t\t\t<div>\n\t\t\t\t\t\t<div class=\"sc_fs_faq__content\">\n\t\t\t\t\n\n<p>So eigensinnig der \u0160arplaninac auch sein mag, so ein toller Familienhund ist er. Er ist ruhig und geduldig mit Kindern, angepasst an Senioren und absolut loyal zu allen Familienmitgliedern. Ist er als Welpe auch an andere Kleintiere gew\u00f6hnt worden, kann er mit der Katze \u201ebest friends\u201c werden.<\/p>\n\n\n\n<p>Dieser Hund wird seine kleine Herde beisammenhalten und bewachen. Nein, er kl\u00e4fft dabei nicht. Er richtet sich nur zur vollst\u00e4ndigen Gr\u00f6\u00dfe auf. Das gen\u00fcgt.<\/p>\n\n\t\t\t<\/div>\n\t\t<\/div>\n\t\t<\/section>\n\t\t\t\t<section\t\tclass=\"sc_fs_faq sc_card    \"\n\t\t\t\t>\n\t\t\t\t<h3>\ud83d\udc36 Kann der \u0160arplaninac in einer (Stadt-)wohnung gehalten werden?<\/h3>\t\t\t\t<div>\n\t\t\t\t\t\t<div class=\"sc_fs_faq__content\">\n\t\t\t\t\n\n<p>Aufgrund seiner Gr\u00f6\u00dfe und seiner besonderen Bed\u00fcrfnisse nach Bewegung und Aufenthalt im Freien muss an dieser Stelle ein klares NEIN ausgesprochen werden.<\/p>\n\n\t\t\t<\/div>\n\t\t<\/div>\n\t\t<\/section>\n\t\t\n<script type=\"application\/ld+json\">\n\t{\n\t\t\"@context\": \"https:\/\/schema.org\",\n\t\t\"@type\": \"FAQPage\",\n\t\t\"mainEntity\": [\n\t\t\t\t\t{\n\t\t\t\t\"@type\": \"Question\",\n\t\t\t\t\"name\": \"\ud83d\udc36 Wie gro\u00df wird der \u0160arplaninac?\",\n\t\t\t\t\"acceptedAnswer\": {\n\t\t\t\t\t\"@type\": \"Answer\",\n\t\t\t\t\t\"text\": \"<p>Dieser Hund weist eine Widerristh\u00f6he von 60 \u2013 62cm auf.<\/p>\"\n\t\t\t\t\t\t\t\t\t}\n\t\t\t}\n\t\t\t,\t\t\t\t{\n\t\t\t\t\"@type\": \"Question\",\n\t\t\t\t\"name\": \"\ud83d\udc36 Braucht dieser Hund viel Futter?\",\n\t\t\t\t\"acceptedAnswer\": {\n\t\t\t\t\t\"@type\": \"Answer\",\n\t\t\t\t\t\"text\": \"<p>Nein, der \u0160arplaninac kommt mit maximal 1kg Futter und Leckerchen am Tag problemlos aus. Zu viel Futter l\u00e4sst ihn schnell dick werden.<\/p>\"\n\t\t\t\t\t\t\t\t\t}\n\t\t\t}\n\t\t\t,\t\t\t\t{\n\t\t\t\t\"@type\": \"Question\",\n\t\t\t\t\"name\": \"\ud83d\udc36 Ist dieser Hund mit anderen Hunden zusammen zu halten?\",\n\t\t\t\t\"acceptedAnswer\": {\n\t\t\t\t\t\"@type\": \"Answer\",\n\t\t\t\t\t\"text\": \"<p>Ist der Hund von klein auf gut sozialisiert und an andere Hunde und Kleintiere gew\u00f6hnt, sollte es keinerlei Schwierigkeiten geben. Allerdings ben\u00f6tigt er auch seine Zeit, um sich zur\u00fcckziehen zu k\u00f6nnen. Diese sollte man ihm stets zugestehen.<\/p>\"\n\t\t\t\t\t\t\t\t\t}\n\t\t\t}\n\t\t\t,\t\t\t\t{\n\t\t\t\t\"@type\": \"Question\",\n\t\t\t\t\"name\": \"\ud83d\udc36 Gibt es gesundheitliche Probleme bei dieser Rasse?\",\n\t\t\t\t\"acceptedAnswer\": {\n\t\t\t\t\t\"@type\": \"Answer\",\n\t\t\t\t\t\"text\": \"<p>Grunds\u00e4tzlich ist dies eine robuste Hunderasse, die es auch bei K\u00e4lte gew\u00f6hnt ist, sich im Freien auszuhalten. Vor der sommerlichen Hitze sollte er gesch\u00fctzt werden. Einzig besteht eine Tendenz zur H\u00fcftgelenksdysplasie, die bereits in der Zucht aufgedeckt wird. Tiere mit HD werden nicht zur Zucht zugelassen.<\/p>\"\n\t\t\t\t\t\t\t\t\t}\n\t\t\t}\n\t\t\t,\t\t\t\t{\n\t\t\t\t\"@type\": \"Question\",\n\t\t\t\t\"name\": \"\ud83d\udc36 Muss ich meinen Garten f\u00fcr diesen Hund hoch einz\u00e4unen?\",\n\t\t\t\t\"acceptedAnswer\": {\n\t\t\t\t\t\"@type\": \"Answer\",\n\t\t\t\t\t\"text\": \"<p>Der Garten muss auf jeden Fall eingez\u00e4unt werden, da der \u0160arplaninac recht territorial ist. Aus Sicherheitsgr\u00fcnden sollte dieser Zaun sehr stabil und h\u00f6her sein als bei anderen Hunden. Ob dies allerdings tats\u00e4chlich notwendig ist oder lediglich zur Beruhigung der Nachbarn gemacht wird, ist vom Hund und seiner Grunderziehung abh\u00e4ngig. Und nat\u00fcrlich von den Nachbarn. Denn nicht jeder mag gro\u00dfe Hunde.<\/p>\"\n\t\t\t\t\t\t\t\t\t}\n\t\t\t}\n\t\t\t,\t\t\t\t{\n\t\t\t\t\"@type\": \"Question\",\n\t\t\t\t\"name\": \"\ud83d\udc36 Wie viel kostet ein \u0160arplaninac?\",\n\t\t\t\t\"acceptedAnswer\": {\n\t\t\t\t\t\"@type\": \"Answer\",\n\t\t\t\t\t\"text\": \"<p>Die Anschaffungskosten f\u00fcr diese Hunderasse beginnen bei EURO 800.<\/p>\"\n\t\t\t\t\t\t\t\t\t}\n\t\t\t}\n\t\t\t,\t\t\t\t{\n\t\t\t\t\"@type\": \"Question\",\n\t\t\t\t\"name\": \"\ud83d\udc36 Woher kommt der \u0160arplaninac?\",\n\t\t\t\t\"acceptedAnswer\": {\n\t\t\t\t\t\"@type\": \"Answer\",\n\t\t\t\t\t\"text\": \"<p>Die urspr\u00fcngliche Heimat des \u0160arplaninac ist in Serbien und Nordmazedonien zu suchen.<\/p>\"\n\t\t\t\t\t\t\t\t\t}\n\t\t\t}\n\t\t\t,\t\t\t\t{\n\t\t\t\t\"@type\": \"Question\",\n\t\t\t\t\"name\": \"\ud83d\udc36 Wie alt wird der \u0160arplaninac?\",\n\t\t\t\t\"acceptedAnswer\": {\n\t\t\t\t\t\"@type\": \"Answer\",\n\t\t\t\t\t\"text\": \"<p>Die Lebenserwartung ist zwischen 10 und 12 Jahren angelegt.<\/p>\"\n\t\t\t\t\t\t\t\t\t}\n\t\t\t}\n\t\t\t,\t\t\t\t{\n\t\t\t\t\"@type\": \"Question\",\n\t\t\t\t\"name\": \"\ud83d\udc36 Wie gro\u00df und schwer wird der \u0160arplaninac?\",\n\t\t\t\t\"acceptedAnswer\": {\n\t\t\t\t\t\"@type\": \"Answer\",\n\t\t\t\t\t\"text\": \"<p>Die R\u00fcden dieser Hunderasse erreichen eine Gr\u00f6\u00dfe von 58 bis 62 Zentimeter. Die H\u00fcndinnen sind nur geringf\u00fcgig kleiner.<\/p><p>In Bezug auf das Gewicht liegen die R\u00fcden zwischen 35 und 45 Kilogramm. Die H\u00fcndinnen erreichen ein Gewicht von 30 bis 40 Kilogramm.<\/p>\"\n\t\t\t\t\t\t\t\t\t}\n\t\t\t}\n\t\t\t,\t\t\t\t{\n\t\t\t\t\"@type\": \"Question\",\n\t\t\t\t\"name\": \"\ud83d\udc36 Wie viele Welpen bekommt der \u0160arplaninac?\",\n\t\t\t\t\"acceptedAnswer\": {\n\t\t\t\t\t\"@type\": \"Answer\",\n\t\t\t\t\t\"text\": \"<p>Es ist mit einem durchschnittlichen Wurf zwischen 4 und 6 Welpen zu rechnen.<\/p>\"\n\t\t\t\t\t\t\t\t\t}\n\t\t\t}\n\t\t\t,\t\t\t\t{\n\t\t\t\t\"@type\": \"Question\",\n\t\t\t\t\"name\": \"\ud83d\udc36 Ist der \u0160arplaninac ein Jagdhund?\",\n\t\t\t\t\"acceptedAnswer\": {\n\t\t\t\t\t\"@type\": \"Answer\",\n\t\t\t\t\t\"text\": \"<p>Nein, der \u0160arplaninac ist kein Jagdhund.<\/p>\"\n\t\t\t\t\t\t\t\t\t}\n\t\t\t}\n\t\t\t,\t\t\t\t{\n\t\t\t\t\"@type\": \"Question\",\n\t\t\t\t\"name\": \"\ud83d\udc36 Ist der \u0160arplaninac ein Familienhund?\",\n\t\t\t\t\"acceptedAnswer\": {\n\t\t\t\t\t\"@type\": \"Answer\",\n\t\t\t\t\t\"text\": \"<p>So eigensinnig der \u0160arplaninac auch sein mag, so ein toller Familienhund ist er. Er ist ruhig und geduldig mit Kindern, angepasst an Senioren und absolut loyal zu allen Familienmitgliedern. Ist er als Welpe auch an andere Kleintiere gew\u00f6hnt worden, kann er mit der Katze \u201ebest friends\u201c werden.<\/p><p>Dieser Hund wird seine kleine Herde beisammenhalten und bewachen. Nein, er kl\u00e4fft dabei nicht. Er richtet sich nur zur vollst\u00e4ndigen Gr\u00f6\u00dfe auf. Das gen\u00fcgt.<\/p>\"\n\t\t\t\t\t\t\t\t\t}\n\t\t\t}\n\t\t\t,\t\t\t\t{\n\t\t\t\t\"@type\": \"Question\",\n\t\t\t\t\"name\": \"\ud83d\udc36 Kann der \u0160arplaninac in einer (Stadt-)wohnung gehalten werden?\",\n\t\t\t\t\"acceptedAnswer\": {\n\t\t\t\t\t\"@type\": \"Answer\",\n\t\t\t\t\t\"text\": \"<p>Aufgrund seiner Gr\u00f6\u00dfe und seiner besonderen Bed\u00fcrfnisse nach Bewegung und Aufenthalt im Freien muss an dieser Stelle ein klares NEIN ausgesprochen werden.<\/p>\"\n\t\t\t\t\t\t\t\t\t}\n\t\t\t}\n\t\t\t\t\t\t]\n\t}\n<\/script>\n","protected":false},"excerpt":{"rendered":"<p>Sie haben ein Faible f\u00fcr gro\u00dfe, ausgefallene Arbeitshunde? Dann interessieren Sie sich sicherlich auch f\u00fcr den \u0160arplaninac. Irgendwie sieht er aus wie ein zotteliger Wolf&#8230;<\/p>\n","protected":false},"author":3,"featured_media":2226,"comment_status":"open","ping_status":"open","sticky":false,"template":"","format":"standard","meta":{"_uag_custom_page_level_css":"","footnotes":""},"categories":[6],"tags":[],"class_list":["post-2223","post","type-post","status-publish","format-standard","has-post-thumbnail","hentry","category-hunderassen"],"uagb_featured_image_src":{"full":["https:\/\/floxik.de\/magazin\/wp-content\/uploads\/2024\/05\/der-sarplaninac.jpg",825,550,false],"thumbnail":["https:\/\/floxik.de\/magazin\/wp-content\/uploads\/2024\/05\/der-sarplaninac-150x150.jpg",150,150,true],"medium":["https:\/\/floxik.de\/magazin\/wp-content\/uploads\/2024\/05\/der-sarplaninac-300x200.jpg",300,200,true],"medium_large":["https:\/\/floxik.de\/magazin\/wp-content\/uploads\/2024\/05\/der-sarplaninac-768x512.jpg",726,484,true],"large":["https:\/\/floxik.de\/magazin\/wp-content\/uploads\/2024\/05\/der-sarplaninac.jpg",726,484,false],"1536x1536":["https:\/\/floxik.de\/magazin\/wp-content\/uploads\/2024\/05\/der-sarplaninac.jpg",825,550,false],"2048x2048":["https:\/\/floxik.de\/magazin\/wp-content\/uploads\/2024\/05\/der-sarplaninac.jpg",825,550,false],"epcl_classic":["https:\/\/floxik.de\/magazin\/wp-content\/uploads\/2024\/05\/der-sarplaninac.jpg",660,440,false],"epcl_fullcover":["https:\/\/floxik.de\/magazin\/wp-content\/uploads\/2024\/05\/der-sarplaninac.jpg",825,550,false]},"uagb_author_info":{"display_name":"Floxik Redaktion","author_link":"https:\/\/floxik.de\/magazin\/author\/redaktion\/"},"uagb_comment_info":1,"uagb_excerpt":"Sie haben ein Faible f\u00fcr gro\u00dfe, ausgefallene Arbeitshunde? Dann interessieren Sie sich sicherlich auch f\u00fcr den \u0160arplaninac. Irgendwie sieht er aus wie ein zotteliger Wolf...","_links":{"self":[{"href":"https:\/\/floxik.de\/magazin\/wp-json\/wp\/v2\/posts\/2223","targetHints":{"allow":["GET"]}}],"collection":[{"href":"https:\/\/floxik.de\/magazin\/wp-json\/wp\/v2\/posts"}],"about":[{"href":"https:\/\/floxik.de\/magazin\/wp-json\/wp\/v2\/types\/post"}],"author":[{"embeddable":true,"href":"https:\/\/floxik.de\/magazin\/wp-json\/wp\/v2\/users\/3"}],"replies":[{"embeddable":true,"href":"https:\/\/floxik.de\/magazin\/wp-json\/wp\/v2\/comments?post=2223"}],"version-history":[{"count":1,"href":"https:\/\/floxik.de\/magazin\/wp-json\/wp\/v2\/posts\/2223\/revisions"}],"predecessor-version":[{"id":2225,"href":"https:\/\/floxik.de\/magazin\/wp-json\/wp\/v2\/posts\/2223\/revisions\/2225"}],"wp:featuredmedia":[{"embeddable":true,"href":"https:\/\/floxik.de\/magazin\/wp-json\/wp\/v2\/media\/2226"}],"wp:attachment":[{"href":"https:\/\/floxik.de\/magazin\/wp-json\/wp\/v2\/media?parent=2223"}],"wp:term":[{"taxonomy":"category","embeddable":true,"href":"https:\/\/floxik.de\/magazin\/wp-json\/wp\/v2\/categories?post=2223"},{"taxonomy":"post_tag","embeddable":true,"href":"https:\/\/floxik.de\/magazin\/wp-json\/wp\/v2\/tags?post=2223"}],"curies":[{"name":"wp","href":"https:\/\/api.w.org\/{rel}","templated":true}]}}